{"id":309,"date":"2020-03-20T17:11:23","date_gmt":"2020-03-20T17:11:23","guid":{"rendered":"http:\/\/javierfleider.com\/obras\/?p=309"},"modified":"2023-03-08T13:11:14","modified_gmt":"2023-03-08T13:11:14","slug":"carolinas-17","status":"publish","type":"post","link":"https:\/\/javierfleider.com\/obras\/carolinas-17\/","title":{"rendered":"ESPACIOS CAROLINAS"},"content":{"rendered":"\n<p>Ubicaci\u00f3n: Calle Carolinas 17, Madrid, Espa\u00f1a<\/p>\n\n\n\n<p>A\u00f1o: 2020 &#8211; 2022<\/p>\n\n\n\n<p>Superficie: 2.314 m2<\/p>\n\n\n\n<p>Cr\u00e9ditos: Estudio Fleider, Juan Ram\u00f3n Lopez<\/p>\n\n\n\n<p>Acondicionamiento con cambio de uso de edificio industrial a residencial con 12 unidades de viviendas, oficinas garaje y trasteros.<\/p>\n\n\n\n<p><a href=\"http:\/\/www.carolinas17homes.com\/\">http:\/\/www.carolinas17homes.com\/<\/a><\/p>\n\n\n\n<figure class=\"wp-block-gallery columns-3 is-cropped wp-block-gallery-1 is-layout-flex wp-block-gallery-is-layout-flex\"><ul class=\"blocks-gallery-grid\"><li class=\"blocks-gallery-item\"><figure><a href=\"http:\/\/javierfleider.com\/obras\/wp-content\/uploads\/2023\/03\/2.jpeg\"><img loading=\"lazy\" decoding=\"async\" width=\"768\" height=\"1024\" src=\"http:\/\/javierfleider.com\/obras\/wp-content\/uploads\/2023\/03\/2.jpeg\" alt=\"\" data-id=\"995\" data-full-url=\"http:\/\/javierfleider.com\/obras\/wp-content\/uploads\/2023\/03\/2.jpeg\" data-link=\"https:\/\/javierfleider.com\/obras\/carolinas-17\/2-19\/\" class=\"wp-image-995\" srcset=\"https:\/\/javierfleider.com\/obras\/wp-content\/uploads\/2023\/03\/2.jpeg 768w, https:\/\/javierfleider.com\/obras\/wp-content\/uploads\/2023\/03\/2-225x300.jpeg 225w\" sizes=\"(max-width: 709px) 85vw, (max-width: 909px) 67vw, (max-width: 984px) 61vw, (max-width: 1362px) 45vw, 600px\" \/><\/a><\/figure><\/li><li class=\"blocks-gallery-item\"><figure><a href=\"http:\/\/javierfleider.com\/obras\/wp-content\/uploads\/2023\/03\/fachada.jpeg\"><img loading=\"lazy\" decoding=\"async\" width=\"637\" height=\"1024\" src=\"http:\/\/javierfleider.com\/obras\/wp-content\/uploads\/2023\/03\/fachada.jpeg\" alt=\"\" data-id=\"1003\" data-full-url=\"http:\/\/javierfleider.com\/obras\/wp-content\/uploads\/2023\/03\/fachada.jpeg\" data-link=\"https:\/\/javierfleider.com\/obras\/carolinas-17\/fachada\/\" class=\"wp-image-1003\" srcset=\"https:\/\/javierfleider.com\/obras\/wp-content\/uploads\/2023\/03\/fachada.jpeg 637w, https:\/\/javierfleider.com\/obras\/wp-content\/uploads\/2023\/03\/fachada-187x300.jpeg 187w\" sizes=\"(max-width: 709px) 85vw, (max-width: 909px) 67vw, (max-width: 984px) 61vw, (max-width: 1362px) 45vw, 600px\" \/><\/a><\/figure><\/li><li class=\"blocks-gallery-item\"><figure><a href=\"http:\/\/javierfleider.com\/obras\/wp-content\/uploads\/2023\/03\/9.jpeg\"><img loading=\"lazy\" decoding=\"async\" width=\"768\" height=\"1024\" src=\"http:\/\/javierfleider.com\/obras\/wp-content\/uploads\/2023\/03\/9.jpeg\" alt=\"\" data-id=\"1002\" data-full-url=\"http:\/\/javierfleider.com\/obras\/wp-content\/uploads\/2023\/03\/9.jpeg\" data-link=\"https:\/\/javierfleider.com\/obras\/carolinas-17\/9-5\/\" class=\"wp-image-1002\" srcset=\"https:\/\/javierfleider.com\/obras\/wp-content\/uploads\/2023\/03\/9.jpeg 768w, https:\/\/javierfleider.com\/obras\/wp-content\/uploads\/2023\/03\/9-225x300.jpeg 225w\" sizes=\"(max-width: 709px) 85vw, (max-width: 909px) 67vw, (max-width: 984px) 61vw, (max-width: 1362px) 45vw, 600px\" \/><\/a><\/figure><\/li><li class=\"blocks-gallery-item\"><figure><a href=\"http:\/\/javierfleider.com\/obras\/wp-content\/uploads\/2023\/03\/4.jpeg\"><img loading=\"lazy\" decoding=\"async\" width=\"768\" height=\"1024\" src=\"http:\/\/javierfleider.com\/obras\/wp-content\/uploads\/2023\/03\/4.jpeg\" alt=\"\" data-id=\"997\" data-full-url=\"http:\/\/javierfleider.com\/obras\/wp-content\/uploads\/2023\/03\/4.jpeg\" data-link=\"https:\/\/javierfleider.com\/obras\/carolinas-17\/4-19\/\" class=\"wp-image-997\" srcset=\"https:\/\/javierfleider.com\/obras\/wp-content\/uploads\/2023\/03\/4.jpeg 768w, https:\/\/javierfleider.com\/obras\/wp-content\/uploads\/2023\/03\/4-225x300.jpeg 225w\" sizes=\"(max-width: 709px) 85vw, (max-width: 909px) 67vw, (max-width: 984px) 61vw, (max-width: 1362px) 45vw, 600px\" \/><\/a><\/figure><\/li><li class=\"blocks-gallery-item\"><figure><a href=\"http:\/\/javierfleider.com\/obras\/wp-content\/uploads\/2023\/03\/8.jpeg\"><img loading=\"lazy\" decoding=\"async\" width=\"768\" height=\"1024\" src=\"http:\/\/javierfleider.com\/obras\/wp-content\/uploads\/2023\/03\/8.jpeg\" alt=\"\" data-id=\"1001\" data-full-url=\"http:\/\/javierfleider.com\/obras\/wp-content\/uploads\/2023\/03\/8.jpeg\" data-link=\"https:\/\/javierfleider.com\/obras\/carolinas-17\/8-6\/\" class=\"wp-image-1001\" srcset=\"https:\/\/javierfleider.com\/obras\/wp-content\/uploads\/2023\/03\/8.jpeg 768w, https:\/\/javierfleider.com\/obras\/wp-content\/uploads\/2023\/03\/8-225x300.jpeg 225w\" sizes=\"(max-width: 709px) 85vw, (max-width: 909px) 67vw, (max-width: 984px) 61vw, (max-width: 1362px) 45vw, 600px\" \/><\/a><\/figure><\/li><li class=\"blocks-gallery-item\"><figure><a href=\"http:\/\/javierfleider.com\/obras\/wp-content\/uploads\/2023\/03\/3.jpeg\"><img loading=\"lazy\" decoding=\"async\" width=\"768\" height=\"1024\" src=\"http:\/\/javierfleider.com\/obras\/wp-content\/uploads\/2023\/03\/3.jpeg\" alt=\"\" data-id=\"996\" data-full-url=\"http:\/\/javierfleider.com\/obras\/wp-content\/uploads\/2023\/03\/3.jpeg\" data-link=\"https:\/\/javierfleider.com\/obras\/carolinas-17\/3-21\/\" class=\"wp-image-996\" srcset=\"https:\/\/javierfleider.com\/obras\/wp-content\/uploads\/2023\/03\/3.jpeg 768w, https:\/\/javierfleider.com\/obras\/wp-content\/uploads\/2023\/03\/3-225x300.jpeg 225w\" sizes=\"(max-width: 709px) 85vw, (max-width: 909px) 67vw, (max-width: 984px) 61vw, (max-width: 1362px) 45vw, 600px\" \/><\/a><\/figure><\/li><li class=\"blocks-gallery-item\"><figure><a href=\"http:\/\/javierfleider.com\/obras\/wp-content\/uploads\/2023\/03\/5.jpeg\"><img loading=\"lazy\" decoding=\"async\" width=\"1024\" height=\"768\" src=\"http:\/\/javierfleider.com\/obras\/wp-content\/uploads\/2023\/03\/5.jpeg\" alt=\"\" data-id=\"998\" data-full-url=\"http:\/\/javierfleider.com\/obras\/wp-content\/uploads\/2023\/03\/5.jpeg\" data-link=\"https:\/\/javierfleider.com\/obras\/carolinas-17\/5-13\/\" class=\"wp-image-998\" srcset=\"https:\/\/javierfleider.com\/obras\/wp-content\/uploads\/2023\/03\/5.jpeg 1024w, https:\/\/javierfleider.com\/obras\/wp-content\/uploads\/2023\/03\/5-300x225.jpeg 300w, https:\/\/javierfleider.com\/obras\/wp-content\/uploads\/2023\/03\/5-768x576.jpeg 768w\" sizes=\"(max-width: 709px) 85vw, (max-width: 909px) 67vw, (max-width: 1362px) 62vw, 840px\" \/><\/a><\/figure><\/li><li class=\"blocks-gallery-item\"><figure><a href=\"http:\/\/javierfleider.com\/obras\/wp-content\/uploads\/2023\/03\/6.jpeg\"><img loading=\"lazy\" decoding=\"async\" width=\"768\" height=\"1024\" src=\"http:\/\/javierfleider.com\/obras\/wp-content\/uploads\/2023\/03\/6.jpeg\" alt=\"\" data-id=\"999\" data-full-url=\"http:\/\/javierfleider.com\/obras\/wp-content\/uploads\/2023\/03\/6.jpeg\" data-link=\"https:\/\/javierfleider.com\/obras\/carolinas-17\/6-11\/\" class=\"wp-image-999\" srcset=\"https:\/\/javierfleider.com\/obras\/wp-content\/uploads\/2023\/03\/6.jpeg 768w, https:\/\/javierfleider.com\/obras\/wp-content\/uploads\/2023\/03\/6-225x300.jpeg 225w\" sizes=\"(max-width: 709px) 85vw, (max-width: 909px) 67vw, (max-width: 984px) 61vw, (max-width: 1362px) 45vw, 600px\" \/><\/a><\/figure><\/li><li class=\"blocks-gallery-item\"><figure><a href=\"http:\/\/javierfleider.com\/obras\/wp-content\/uploads\/2023\/03\/7.jpeg\"><img loading=\"lazy\" decoding=\"async\" width=\"768\" height=\"1024\" src=\"http:\/\/javierfleider.com\/obras\/wp-content\/uploads\/2023\/03\/7.jpeg\" alt=\"\" data-id=\"1000\" data-full-url=\"http:\/\/javierfleider.com\/obras\/wp-content\/uploads\/2023\/03\/7.jpeg\" data-link=\"https:\/\/javierfleider.com\/obras\/carolinas-17\/7-10\/\" class=\"wp-image-1000\" srcset=\"https:\/\/javierfleider.com\/obras\/wp-content\/uploads\/2023\/03\/7.jpeg 768w, https:\/\/javierfleider.com\/obras\/wp-content\/uploads\/2023\/03\/7-225x300.jpeg 225w\" sizes=\"(max-width: 709px) 85vw, (max-width: 909px) 67vw, (max-width: 984px) 61vw, (max-width: 1362px) 45vw, 600px\" \/><\/a><\/figure><\/li><\/ul><\/figure>\n\n\n\n<figure class=\"wp-block-gallery columns-3 is-cropped wp-block-gallery-2 is-layout-flex wp-block-gallery-is-layout-flex\"><ul class=\"blocks-gallery-grid\"><li class=\"blocks-gallery-item\"><figure><a href=\"http:\/\/javierfleider.com\/obras\/wp-content\/uploads\/2020\/03\/3-10-804x1024.jpg\"><img loading=\"lazy\" decoding=\"async\" width=\"804\" height=\"1024\" src=\"http:\/\/javierfleider.com\/obras\/wp-content\/uploads\/2020\/03\/3-10-804x1024.jpg\" alt=\"\" data-id=\"313\" data-link=\"http:\/\/javierfleider.com\/obras\/?attachment_id=313\" class=\"wp-image-313\" srcset=\"https:\/\/javierfleider.com\/obras\/wp-content\/uploads\/2020\/03\/3-10-804x1024.jpg 804w, https:\/\/javierfleider.com\/obras\/wp-content\/uploads\/2020\/03\/3-10-236x300.jpg 236w, https:\/\/javierfleider.com\/obras\/wp-content\/uploads\/2020\/03\/3-10-768x978.jpg 768w, https:\/\/javierfleider.com\/obras\/wp-content\/uploads\/2020\/03\/3-10-1206x1536.jpg 1206w, https:\/\/javierfleider.com\/obras\/wp-content\/uploads\/2020\/03\/3-10-1608x2048.jpg 1608w, https:\/\/javierfleider.com\/obras\/wp-content\/uploads\/2020\/03\/3-10-1200x1528.jpg 1200w, https:\/\/javierfleider.com\/obras\/wp-content\/uploads\/2020\/03\/3-10-scaled.jpg 2010w\" sizes=\"(max-width: 709px) 85vw, (max-width: 909px) 67vw, (max-width: 984px) 61vw, (max-width: 1362px) 45vw, 600px\" \/><\/a><\/figure><\/li><li class=\"blocks-gallery-item\"><figure><a href=\"http:\/\/javierfleider.com\/obras\/wp-content\/uploads\/2020\/03\/2-8-1024x576.jpg\"><img loading=\"lazy\" decoding=\"async\" width=\"1024\" height=\"576\" src=\"http:\/\/javierfleider.com\/obras\/wp-content\/uploads\/2020\/03\/2-8-1024x576.jpg\" alt=\"\" data-id=\"312\" data-link=\"http:\/\/javierfleider.com\/obras\/?attachment_id=312\" class=\"wp-image-312\" srcset=\"https:\/\/javierfleider.com\/obras\/wp-content\/uploads\/2020\/03\/2-8-1024x576.jpg 1024w, https:\/\/javierfleider.com\/obras\/wp-content\/uploads\/2020\/03\/2-8-300x169.jpg 300w, https:\/\/javierfleider.com\/obras\/wp-content\/uploads\/2020\/03\/2-8-768x432.jpg 768w, https:\/\/javierfleider.com\/obras\/wp-content\/uploads\/2020\/03\/2-8-1536x864.jpg 1536w, https:\/\/javierfleider.com\/obras\/wp-content\/uploads\/2020\/03\/2-8-2048x1152.jpg 2048w, https:\/\/javierfleider.com\/obras\/wp-content\/uploads\/2020\/03\/2-8-1200x675.jpg 1200w\" sizes=\"(max-width: 709px) 85vw, (max-width: 909px) 67vw, (max-width: 1362px) 62vw, 840px\" \/><\/a><\/figure><\/li><li class=\"blocks-gallery-item\"><figure><a href=\"http:\/\/javierfleider.com\/obras\/wp-content\/uploads\/2020\/03\/1-9-1024x576.jpg\"><img loading=\"lazy\" decoding=\"async\" width=\"1024\" height=\"576\" src=\"http:\/\/javierfleider.com\/obras\/wp-content\/uploads\/2020\/03\/1-9-1024x576.jpg\" alt=\"\" data-id=\"311\" data-link=\"http:\/\/javierfleider.com\/obras\/?attachment_id=311\" class=\"wp-image-311\" srcset=\"https:\/\/javierfleider.com\/obras\/wp-content\/uploads\/2020\/03\/1-9-1024x576.jpg 1024w, https:\/\/javierfleider.com\/obras\/wp-content\/uploads\/2020\/03\/1-9-300x169.jpg 300w, https:\/\/javierfleider.com\/obras\/wp-content\/uploads\/2020\/03\/1-9-768x432.jpg 768w, https:\/\/javierfleider.com\/obras\/wp-content\/uploads\/2020\/03\/1-9-1536x864.jpg 1536w, https:\/\/javierfleider.com\/obras\/wp-content\/uploads\/2020\/03\/1-9-2048x1152.jpg 2048w, https:\/\/javierfleider.com\/obras\/wp-content\/uploads\/2020\/03\/1-9-1200x675.jpg 1200w\" sizes=\"(max-width: 709px) 85vw, (max-width: 909px) 67vw, (max-width: 1362px) 62vw, 840px\" \/><\/a><\/figure><\/li><\/ul><\/figure>\n\n\n\n<p><\/p>\n","protected":false},"excerpt":{"rendered":"<p>Ubicaci\u00f3n: Calle Carolinas 17, Madrid, Espa\u00f1a A\u00f1o: 2020 &#8211; 2022 Superficie: 2.314 m2 Cr\u00e9ditos: Estudio Fleider, Juan Ram\u00f3n Lopez Acondicionamiento con cambio de uso de edificio industrial a residencial con 12 unidades de viviendas, oficinas garaje y trasteros. http:\/\/www.carolinas17homes.com\/<\/p>\n","protected":false},"author":4,"featured_media":1003,"comment_status":"open","ping_status":"open","sticky":false,"template":"","format":"standard","meta":{"ngg_post_thumbnail":0,"footnotes":""},"categories":[5,6],"tags":[],"_links":{"self":[{"href":"https:\/\/javierfleider.com\/obras\/wp-json\/wp\/v2\/posts\/309"}],"collection":[{"href":"https:\/\/javierfleider.com\/obras\/wp-json\/wp\/v2\/posts"}],"about":[{"href":"https:\/\/javierfleider.com\/obras\/wp-json\/wp\/v2\/types\/post"}],"author":[{"embeddable":true,"href":"https:\/\/javierfleider.com\/obras\/wp-json\/wp\/v2\/users\/4"}],"replies":[{"embeddable":true,"href":"https:\/\/javierfleider.com\/obras\/wp-json\/wp\/v2\/comments?post=309"}],"version-history":[{"count":11,"href":"https:\/\/javierfleider.com\/obras\/wp-json\/wp\/v2\/posts\/309\/revisions"}],"predecessor-version":[{"id":1020,"href":"https:\/\/javierfleider.com\/obras\/wp-json\/wp\/v2\/posts\/309\/revisions\/1020"}],"wp:featuredmedia":[{"embeddable":true,"href":"https:\/\/javierfleider.com\/obras\/wp-json\/wp\/v2\/media\/1003"}],"wp:attachment":[{"href":"https:\/\/javierfleider.com\/obras\/wp-json\/wp\/v2\/media?parent=309"}],"wp:term":[{"taxonomy":"category","embeddable":true,"href":"https:\/\/javierfleider.com\/obras\/wp-json\/wp\/v2\/categories?post=309"},{"taxonomy":"post_tag","embeddable":true,"href":"https:\/\/javierfleider.com\/obras\/wp-json\/wp\/v2\/tags?post=309"}],"curies":[{"name":"wp","href":"https:\/\/api.w.org\/{rel}","templated":true}]}}