{"id":409,"date":"1995-01-01T17:39:23","date_gmt":"1995-01-01T17:39:23","guid":{"rendered":"http:\/\/javierfleider.com\/obras\/?p=409"},"modified":"2020-04-13T19:46:44","modified_gmt":"2020-04-13T19:46:44","slug":"maipu","status":"publish","type":"post","link":"https:\/\/javierfleider.com\/obras\/maipu\/","title":{"rendered":"TORRE DEL PLATA"},"content":{"rendered":"\n<p>Ubicaci\u00f3n: Av Maipu 1070, Vicente Lopez, Buenos Aires, Argentina<\/p>\n\n\n\n<p>A\u00f1o:  1995<\/p>\n\n\n\n<p>Superficie: 12.000m2<\/p>\n\n\n\n<p>Edificio de Planta Baja con locales comerciales, estacionamiento de cortes\u00eda, jardines,  2 subsuelos de estacionamientos, 15 pisos de unidades de viviendas, SUM y piscina en azotea.<\/p>\n\n\n\n<figure class=\"wp-block-gallery columns-3 is-cropped wp-block-gallery-1 is-layout-flex wp-block-gallery-is-layout-flex\"><ul class=\"blocks-gallery-grid\"><li class=\"blocks-gallery-item\"><figure><img loading=\"lazy\" decoding=\"async\" width=\"768\" height=\"1024\" src=\"http:\/\/javierfleider.com\/obras\/wp-content\/uploads\/2020\/03\/1-17-768x1024.jpg\" alt=\"\" data-id=\"410\" data-full-url=\"http:\/\/javierfleider.com\/obras\/wp-content\/uploads\/2020\/03\/1-17.jpg\" data-link=\"http:\/\/javierfleider.com\/obras\/?attachment_id=410\" class=\"wp-image-410\" srcset=\"https:\/\/javierfleider.com\/obras\/wp-content\/uploads\/2020\/03\/1-17-768x1024.jpg 768w, https:\/\/javierfleider.com\/obras\/wp-content\/uploads\/2020\/03\/1-17-225x300.jpg 225w, https:\/\/javierfleider.com\/obras\/wp-content\/uploads\/2020\/03\/1-17-1152x1536.jpg 1152w, https:\/\/javierfleider.com\/obras\/wp-content\/uploads\/2020\/03\/1-17-1200x1600.jpg 1200w, https:\/\/javierfleider.com\/obras\/wp-content\/uploads\/2020\/03\/1-17.jpg 1536w\" sizes=\"(max-width: 709px) 85vw, (max-width: 909px) 67vw, (max-width: 984px) 61vw, (max-width: 1362px) 45vw, 600px\" \/><\/figure><\/li><li class=\"blocks-gallery-item\"><figure><img loading=\"lazy\" decoding=\"async\" width=\"768\" height=\"1024\" src=\"http:\/\/javierfleider.com\/obras\/wp-content\/uploads\/2020\/03\/4-16-768x1024.jpg\" alt=\"\" data-id=\"413\" data-full-url=\"http:\/\/javierfleider.com\/obras\/wp-content\/uploads\/2020\/03\/4-16.jpg\" data-link=\"http:\/\/javierfleider.com\/obras\/?attachment_id=413\" class=\"wp-image-413\" srcset=\"https:\/\/javierfleider.com\/obras\/wp-content\/uploads\/2020\/03\/4-16-768x1024.jpg 768w, https:\/\/javierfleider.com\/obras\/wp-content\/uploads\/2020\/03\/4-16-225x300.jpg 225w, https:\/\/javierfleider.com\/obras\/wp-content\/uploads\/2020\/03\/4-16-1152x1536.jpg 1152w, https:\/\/javierfleider.com\/obras\/wp-content\/uploads\/2020\/03\/4-16-1200x1600.jpg 1200w, https:\/\/javierfleider.com\/obras\/wp-content\/uploads\/2020\/03\/4-16.jpg 1536w\" sizes=\"(max-width: 709px) 85vw, (max-width: 909px) 67vw, (max-width: 984px) 61vw, (max-width: 1362px) 45vw, 600px\" \/><\/figure><\/li><li class=\"blocks-gallery-item\"><figure><img loading=\"lazy\" decoding=\"async\" width=\"1024\" height=\"768\" src=\"http:\/\/javierfleider.com\/obras\/wp-content\/uploads\/2020\/03\/3-18-1024x768.jpg\" alt=\"\" data-id=\"412\" data-full-url=\"http:\/\/javierfleider.com\/obras\/wp-content\/uploads\/2020\/03\/3-18.jpg\" data-link=\"http:\/\/javierfleider.com\/obras\/?attachment_id=412\" class=\"wp-image-412\" srcset=\"https:\/\/javierfleider.com\/obras\/wp-content\/uploads\/2020\/03\/3-18-1024x768.jpg 1024w, https:\/\/javierfleider.com\/obras\/wp-content\/uploads\/2020\/03\/3-18-300x225.jpg 300w, https:\/\/javierfleider.com\/obras\/wp-content\/uploads\/2020\/03\/3-18-768x576.jpg 768w, https:\/\/javierfleider.com\/obras\/wp-content\/uploads\/2020\/03\/3-18-1536x1152.jpg 1536w, https:\/\/javierfleider.com\/obras\/wp-content\/uploads\/2020\/03\/3-18-1200x900.jpg 1200w, https:\/\/javierfleider.com\/obras\/wp-content\/uploads\/2020\/03\/3-18.jpg 2048w\" sizes=\"(max-width: 709px) 85vw, (max-width: 909px) 67vw, (max-width: 1362px) 62vw, 840px\" \/><\/figure><\/li><li class=\"blocks-gallery-item\"><figure><img loading=\"lazy\" decoding=\"async\" width=\"768\" height=\"1024\" src=\"http:\/\/javierfleider.com\/obras\/wp-content\/uploads\/2020\/03\/2-16-768x1024.jpg\" alt=\"\" data-id=\"411\" data-full-url=\"http:\/\/javierfleider.com\/obras\/wp-content\/uploads\/2020\/03\/2-16.jpg\" data-link=\"http:\/\/javierfleider.com\/obras\/?attachment_id=411\" class=\"wp-image-411\" srcset=\"https:\/\/javierfleider.com\/obras\/wp-content\/uploads\/2020\/03\/2-16-768x1024.jpg 768w, https:\/\/javierfleider.com\/obras\/wp-content\/uploads\/2020\/03\/2-16-225x300.jpg 225w, https:\/\/javierfleider.com\/obras\/wp-content\/uploads\/2020\/03\/2-16-1152x1536.jpg 1152w, https:\/\/javierfleider.com\/obras\/wp-content\/uploads\/2020\/03\/2-16-1200x1600.jpg 1200w, https:\/\/javierfleider.com\/obras\/wp-content\/uploads\/2020\/03\/2-16.jpg 1536w\" sizes=\"(max-width: 709px) 85vw, (max-width: 909px) 67vw, (max-width: 984px) 61vw, (max-width: 1362px) 45vw, 600px\" \/><\/figure><\/li><\/ul><\/figure>\n","protected":false},"excerpt":{"rendered":"<p>Ubicaci\u00f3n: Av Maipu 1070, Vicente Lopez, Buenos Aires, Argentina A\u00f1o: 1995 Superficie: 12.000m2 Edificio de Planta Baja con locales comerciales, estacionamiento de cortes\u00eda, jardines, 2 subsuelos de estacionamientos, 15 pisos de unidades de viviendas, SUM y piscina en azotea.<\/p>\n","protected":false},"author":4,"featured_media":410,"comment_status":"open","ping_status":"open","sticky":false,"template":"","format":"standard","meta":{"ngg_post_thumbnail":0,"footnotes":""},"categories":[5,11],"tags":[],"_links":{"self":[{"href":"https:\/\/javierfleider.com\/obras\/wp-json\/wp\/v2\/posts\/409"}],"collection":[{"href":"https:\/\/javierfleider.com\/obras\/wp-json\/wp\/v2\/posts"}],"about":[{"href":"https:\/\/javierfleider.com\/obras\/wp-json\/wp\/v2\/types\/post"}],"author":[{"embeddable":true,"href":"https:\/\/javierfleider.com\/obras\/wp-json\/wp\/v2\/users\/4"}],"replies":[{"embeddable":true,"href":"https:\/\/javierfleider.com\/obras\/wp-json\/wp\/v2\/comments?post=409"}],"version-history":[{"count":3,"href":"https:\/\/javierfleider.com\/obras\/wp-json\/wp\/v2\/posts\/409\/revisions"}],"predecessor-version":[{"id":549,"href":"https:\/\/javierfleider.com\/obras\/wp-json\/wp\/v2\/posts\/409\/revisions\/549"}],"wp:featuredmedia":[{"embeddable":true,"href":"https:\/\/javierfleider.com\/obras\/wp-json\/wp\/v2\/media\/410"}],"wp:attachment":[{"href":"https:\/\/javierfleider.com\/obras\/wp-json\/wp\/v2\/media?parent=409"}],"wp:term":[{"taxonomy":"category","embeddable":true,"href":"https:\/\/javierfleider.com\/obras\/wp-json\/wp\/v2\/categories?post=409"},{"taxonomy":"post_tag","embeddable":true,"href":"https:\/\/javierfleider.com\/obras\/wp-json\/wp\/v2\/tags?post=409"}],"curies":[{"name":"wp","href":"https:\/\/api.w.org\/{rel}","templated":true}]}}