{"id":835,"date":"2017-09-14T19:38:00","date_gmt":"2017-09-14T19:38:00","guid":{"rendered":"http:\/\/javierfleider.com\/obras\/?p=835"},"modified":"2020-04-17T00:35:18","modified_gmt":"2020-04-17T00:35:18","slug":"templo-judaica-norte","status":"publish","type":"post","link":"https:\/\/javierfleider.com\/obras\/templo-judaica-norte\/","title":{"rendered":"TEMPLO JUDAICA NORTE"},"content":{"rendered":"\n<p>Ubicaci\u00f3n: Av de los Lagos 1250, Nordelta, Tigre, Buenos Aires, Argentina.<\/p>\n\n\n\n<p>A\u00f1o: 2017 &#8211; En ejecuci\u00f3n<\/p>\n\n\n\n<p>Superficie: 1200m2<\/p>\n\n\n\n<p>Cr\u00e9ditos: Estudio Fleider, SOHF Arquitectura y Estudio ABV<\/p>\n\n\n\n<p><\/p>\n\n\n\n<figure class=\"wp-block-gallery columns-1 is-cropped wp-block-gallery-1 is-layout-flex wp-block-gallery-is-layout-flex\"><ul class=\"blocks-gallery-grid\"><li class=\"blocks-gallery-item\"><figure><img loading=\"lazy\" decoding=\"async\" width=\"1024\" height=\"768\" src=\"http:\/\/javierfleider.com\/obras\/wp-content\/uploads\/2020\/04\/WhatsApp-Image-2017-11-30-at-20.17.25.jpeg\" alt=\"\" data-id=\"836\" data-full-url=\"http:\/\/javierfleider.com\/obras\/wp-content\/uploads\/2020\/04\/WhatsApp-Image-2017-11-30-at-20.17.25.jpeg\" data-link=\"http:\/\/javierfleider.com\/obras\/?attachment_id=836\" class=\"wp-image-836\" srcset=\"https:\/\/javierfleider.com\/obras\/wp-content\/uploads\/2020\/04\/WhatsApp-Image-2017-11-30-at-20.17.25.jpeg 1024w, https:\/\/javierfleider.com\/obras\/wp-content\/uploads\/2020\/04\/WhatsApp-Image-2017-11-30-at-20.17.25-300x225.jpeg 300w, https:\/\/javierfleider.com\/obras\/wp-content\/uploads\/2020\/04\/WhatsApp-Image-2017-11-30-at-20.17.25-768x576.jpeg 768w\" sizes=\"(max-width: 709px) 85vw, (max-width: 909px) 67vw, (max-width: 1362px) 62vw, 840px\" \/><\/figure><\/li><\/ul><\/figure>\n\n\n\n<p><\/p>\n","protected":false},"excerpt":{"rendered":"<p>Ubicaci\u00f3n: Av de los Lagos 1250, Nordelta, Tigre, Buenos Aires, Argentina. A\u00f1o: 2017 &#8211; En ejecuci\u00f3n Superficie: 1200m2 Cr\u00e9ditos: Estudio Fleider, SOHF Arquitectura y Estudio ABV<\/p>\n","protected":false},"author":4,"featured_media":836,"comment_status":"open","ping_status":"open","sticky":false,"template":"","format":"standard","meta":{"ngg_post_thumbnail":0,"footnotes":""},"categories":[9],"tags":[],"_links":{"self":[{"href":"https:\/\/javierfleider.com\/obras\/wp-json\/wp\/v2\/posts\/835"}],"collection":[{"href":"https:\/\/javierfleider.com\/obras\/wp-json\/wp\/v2\/posts"}],"about":[{"href":"https:\/\/javierfleider.com\/obras\/wp-json\/wp\/v2\/types\/post"}],"author":[{"embeddable":true,"href":"https:\/\/javierfleider.com\/obras\/wp-json\/wp\/v2\/users\/4"}],"replies":[{"embeddable":true,"href":"https:\/\/javierfleider.com\/obras\/wp-json\/wp\/v2\/comments?post=835"}],"version-history":[{"count":5,"href":"https:\/\/javierfleider.com\/obras\/wp-json\/wp\/v2\/posts\/835\/revisions"}],"predecessor-version":[{"id":865,"href":"https:\/\/javierfleider.com\/obras\/wp-json\/wp\/v2\/posts\/835\/revisions\/865"}],"wp:featuredmedia":[{"embeddable":true,"href":"https:\/\/javierfleider.com\/obras\/wp-json\/wp\/v2\/media\/836"}],"wp:attachment":[{"href":"https:\/\/javierfleider.com\/obras\/wp-json\/wp\/v2\/media?parent=835"}],"wp:term":[{"taxonomy":"category","embeddable":true,"href":"https:\/\/javierfleider.com\/obras\/wp-json\/wp\/v2\/categories?post=835"},{"taxonomy":"post_tag","embeddable":true,"href":"https:\/\/javierfleider.com\/obras\/wp-json\/wp\/v2\/tags?post=835"}],"curies":[{"name":"wp","href":"https:\/\/api.w.org\/{rel}","templated":true}]}}